{"id":9888,"date":"2024-07-19T16:46:13","date_gmt":"2024-07-19T16:46:13","guid":{"rendered":"https:\/\/prensaregionalhuaraz.com.pe\/?p=9888"},"modified":"2024-07-19T16:46:13","modified_gmt":"2024-07-19T16:46:13","slug":"se-inicio-pavimentado-desde-uquia","status":"publish","type":"post","link":"https:\/\/prensaregionalhuaraz.com.pe\/index.php\/2024\/07\/19\/se-inicio-pavimentado-desde-uquia\/","title":{"rendered":"Se inici\u00f3 pavimentado desde Uquia"},"content":{"rendered":"<p><img fetchpriority=\"high\" decoding=\"async\" class=\"alignnone size-full wp-image-9889\" src=\"https:\/\/prensaregionalhuaraz.com.pe\/wp-content\/uploads\/2024\/07\/PAVIMENTADO-2.jpg\" alt=\"\" width=\"764\" height=\"511\" \/><\/p>\n<p><strong>Autoridades inspeccionan carretera Huaraz-Paria-Willcahuain<\/strong><\/p>\n<p>El gerente general del Gobierno Regional de Ancash, Marco La Rosa S\u00e1nchez; el gerente de Infraestructura del GORE, Gustavo de la Cruz; el consejero por Huaraz, Walter Medrano; el alcalde de Independencia, Ladislao Cruz Villachica; el presidente del Comit\u00e9 de Gesti\u00f3n Pro Carretera Huaraz-Paria-Willcahuain, Alipio Tolentino; ayer jueves en la ma\u00f1ana visitaron la importante obra vial que cuenta con una inversi\u00f3n de m\u00e1s de 27 millones de soles.<\/p>\n<p>El empresario Antonio Silio del Consorcio Vial Antonio, recibi\u00f3 a los visitantes a quienes les explic\u00f3 sobre los trabajos y las trabas con los que han tenido y a\u00fan contin\u00faan teni\u00e9ndolos.<\/p>\n<p>Sin embargo, superando dificultades desde hace 18 meses atr\u00e1s, han logrado un avance del 17% contractual y un avance del 33% adicional; lo que salta a la vista es el pavimentado que se ha iniciado desde la jurisdicci\u00f3n de Uquia y son 150 metros lineales de pavimento r\u00edgido usando tecnolog\u00eda moderna.<\/p>\n<p>Es por esta y otras razones m\u00e1s que el ingeniero Antonio Silio, ha manifestado que el Gobierno Regional de Ancash, haga efectivo los adeudos que se tiene a la empresa constructora y con ello poder pagar al personal que viene trabajando a quienes se les debe m\u00e1s de un mes de sueldos.<\/p>\n<p>El gerente general Marco La Rosa S\u00e1nchez, tras escuchar a los representantes de la constructora, se\u00f1al\u00f3 que en verdad hubo serios problemas al inicio de la obra, pero se han ido superando poco a poco y sobre los pagos a realizarse dijo que en 10 a 15 d\u00edas deben estar subsanados y la obra deber\u00e1 continuar y posiblemente el pr\u00f3ximo a\u00f1o se estar\u00eda inaugurando de acuerdo a los avances de la construcci\u00f3n. (Arnaldo Mej\u00eda Boj\u00f3rquez)<\/p>\n","protected":false},"excerpt":{"rendered":"<p>Autoridades inspeccionan carretera Huaraz-Paria-Willcahuain El gerente general del Gobierno Regional de Ancash, Marco La Rosa S\u00e1nchez; el gerente de Infraestructura del GORE, Gustavo de la Cruz; el consejero por Huaraz, Walter Medrano; el alcalde de Independencia, Ladislao Cruz Villachica; el presidente del Comit\u00e9 de Gesti\u00f3n Pro Carretera Huaraz-Paria-Willcahuain, Alipio Tolentino; ayer jueves en la ma\u00f1ana [&hellip;]<\/p>\n","protected":false},"author":2,"featured_media":0,"comment_status":"open","ping_status":"closed","sticky":false,"template":"","format":"gallery","meta":{"footnotes":""},"categories":[173],"tags":[],"class_list":["post-9888","post","type-post","status-publish","format-gallery","hentry","category-huaraz","post_format-post-format-gallery"],"amp_enabled":true,"_links":{"self":[{"href":"https:\/\/prensaregionalhuaraz.com.pe\/index.php\/wp-json\/wp\/v2\/posts\/9888","targetHints":{"allow":["GET"]}}],"collection":[{"href":"https:\/\/prensaregionalhuaraz.com.pe\/index.php\/wp-json\/wp\/v2\/posts"}],"about":[{"href":"https:\/\/prensaregionalhuaraz.com.pe\/index.php\/wp-json\/wp\/v2\/types\/post"}],"author":[{"embeddable":true,"href":"https:\/\/prensaregionalhuaraz.com.pe\/index.php\/wp-json\/wp\/v2\/users\/2"}],"replies":[{"embeddable":true,"href":"https:\/\/prensaregionalhuaraz.com.pe\/index.php\/wp-json\/wp\/v2\/comments?post=9888"}],"version-history":[{"count":1,"href":"https:\/\/prensaregionalhuaraz.com.pe\/index.php\/wp-json\/wp\/v2\/posts\/9888\/revisions"}],"predecessor-version":[{"id":9890,"href":"https:\/\/prensaregionalhuaraz.com.pe\/index.php\/wp-json\/wp\/v2\/posts\/9888\/revisions\/9890"}],"wp:attachment":[{"href":"https:\/\/prensaregionalhuaraz.com.pe\/index.php\/wp-json\/wp\/v2\/media?parent=9888"}],"wp:term":[{"taxonomy":"category","embeddable":true,"href":"https:\/\/prensaregionalhuaraz.com.pe\/index.php\/wp-json\/wp\/v2\/categories?post=9888"},{"taxonomy":"post_tag","embeddable":true,"href":"https:\/\/prensaregionalhuaraz.com.pe\/index.php\/wp-json\/wp\/v2\/tags?post=9888"}],"curies":[{"name":"wp","href":"https:\/\/api.w.org\/{rel}","templated":true}]}}