{"id":22265,"date":"2026-09-01T06:45:45","date_gmt":"2026-09-01T06:45:45","guid":{"rendered":"https:\/\/prensaregionalhuaraz.com.pe\/?p=22265"},"modified":"2026-09-01T06:45:45","modified_gmt":"2026-09-01T06:45:45","slug":"101-incendios-forestales-registra-ancash-en-lo-que-va-del-2026","status":"publish","type":"post","link":"https:\/\/prensaregionalhuaraz.com.pe\/index.php\/2026\/09\/01\/101-incendios-forestales-registra-ancash-en-lo-que-va-del-2026\/","title":{"rendered":"101 Incendios forestales registra \u00c1ncash  en lo que va del 2026"},"content":{"rendered":"<p><img fetchpriority=\"high\" decoding=\"async\" class=\"alignnone size-full wp-image-22266\" src=\"https:\/\/prensaregionalhuaraz.com.pe\/wp-content\/uploads\/2026\/09\/101-incendios-ancash.jpg\" alt=\"\" width=\"787\" height=\"1023\" srcset=\"https:\/\/prensaregionalhuaraz.com.pe\/wp-content\/uploads\/2026\/09\/101-incendios-ancash.jpg 787w, https:\/\/prensaregionalhuaraz.com.pe\/wp-content\/uploads\/2026\/09\/101-incendios-ancash-231x300.jpg 231w, https:\/\/prensaregionalhuaraz.com.pe\/wp-content\/uploads\/2026\/09\/101-incendios-ancash-768x998.jpg 768w\" sizes=\"(max-width: 787px) 100vw, 787px\" \/><\/p>\n<p><strong>Adem\u00e1s en nuestra regi\u00f3n se han registrado 93 emergencias por vientos fuertes, m\u00e1s de 1,600 hect\u00e1reas de cobertura vegetal destru\u00eddas,\u00a0 y 30 sismos<\/strong><\/p>\n<p><strong>\u00a0<\/strong><\/p>\n<p><strong>INFORME ESPECIAL Ronald Montoro Yopla<\/strong><\/p>\n<p><strong>El Centro de Operaciones de Emergencia Regional (COER) \u00c1ncash inform\u00f3 que, entre el 1 de enero y el 31 de agosto de 2026, se han registrado 101 incendios forestales en la regi\u00f3n. <\/strong><\/p>\n<p><strong>ESTAD\u00cdSTIVAS POR MESES<\/strong><\/p>\n<p><strong>Agosto fue el mes con mayor incidencia, con 59 emergencias, seguido de julio con 19 y junio con 12, evidenciando un incremento considerable de estos eventos durante los \u00faltimos meses.<\/strong><\/p>\n<p><strong>INCENDIOS FORESTALES POR PROVINCIAS<\/strong><\/p>\n<p><strong>De acuerdo con el consolidado regional, la provincia de Huaraz concentra la mayor cantidad de incendios forestales, con 20 emergencias, seguida de Santa con 14, mientras que Huari, Pallasca y Yungay registran 8 incendios cada una. <\/strong><\/p>\n<p><strong>A nivel distrital, Nuevo Chimbote concentra el mayor n\u00famero de eventos, con 9 incendios, seguido de Chacas con 7, y los distritos de Huaraz y Jangas, con 6 emergencias cada uno.<\/strong><\/p>\n<p><strong>DA\u00d1OS<\/strong><\/p>\n<p><strong>En cuanto a los da\u00f1os ocasionados, los reportes oficiales se\u00f1alan 2 personas afectadas y 1 persona herida, adem\u00e1s de 9 viviendas afectadas. <\/strong><\/p>\n<p><strong>En el sector agr\u00edcola se reportan 16 hect\u00e1reas de \u00e1reas de cultivo perdidas. Asimismo, el impacto ambiental alcanza 1,570 hect\u00e1reas de cobertura natural destruida y 7 hect\u00e1reas de bosque destruido.<\/strong><\/p>\n<p><strong>Los incendios tambi\u00e9n ocasionaron da\u00f1os en la infraestructura, con 675 metros de tuber\u00eda de riego afectada y 7,610 metros destruidos, adem\u00e1s de 1,000 metros de red de agua potable destruida. <\/strong><\/p>\n<p><strong>MONITOREO PERMANENTE<\/strong><strong>\u00a0\u00a0\u00a0\u00a0\u00a0\u00a0\u00a0\u00a0\u00a0\u00a0\u00a0\u00a0 <\/strong><\/p>\n<p><strong>El COER \u00c1ncash contin\u00faa con el monitoreo permanente de las emergencias y mantiene la coordinaci\u00f3n con los gobiernos locales, las entidades de primera respuesta y las instituciones competentes para la atenci\u00f3n de estos eventos. <\/strong><\/p>\n<p><strong>Asimismo, exhorta a la poblaci\u00f3n a evitar la realizaci\u00f3n de quemas no controladas, debido al alto riesgo de propagaci\u00f3n del fuego durante esta temporada, y a reportar de manera inmediata cualquier conato de incendio a las autoridades correspondientes.\u00a0 <\/strong><\/p>\n<p><strong>INCENDIO FORESTAL AFECT\u00d3 7 HECT\u00c1REAS Y DA\u00d1\u00d3 TUBER\u00cdA DE RIEGOEN SAN PEDRO DE CHANA\u00a0 <\/strong><\/p>\n<p><strong>Un incendio forestal registrado el 30 de agosto, alrededor de las 18:00 horas, afect\u00f3 la cobertura natural y parte de la infraestructura de riego en el caser\u00edo Santa Rita, distrito de San Pedro de Chana, provincia de Huari.<\/strong><\/p>\n<p><strong>De acuerdo con la evaluaci\u00f3n de da\u00f1os del COER \u00c1ncash, el siniestro afect\u00f3 aproximadamente 7 hect\u00e1reas de arbustos y pastizales y ocasion\u00f3 la destrucci\u00f3n de 150 metros de tuber\u00eda de conducci\u00f3n de riego HDPE.<\/strong><\/p>\n<p><strong>La Municipalidad Distrital de San Pedro de Chana inform\u00f3 que no se registraron da\u00f1os a la vida ni a la salud de las personas y que el incendio fue completamente extinguido a las 11:00 horas del 31 de agosto, luego de las labores realizadas por integrantes de la unidad de seguridad ciudadana desde las 06:00 horas aproximadamente.\u00a0 <\/strong><\/p>\n<p><strong>INCENDIO FORESTAL AFECTA 20 HECT\u00c1REAS DE COBERTURA NATURAL EN PUEBLO LIBRE\u00a0 <\/strong><\/p>\n<p><strong>Un incendio forestal registrado desde las 15:00 horas del 30 de agosto viene afectando cobertura natural en el sector Cerro Hu\u00e1ntar, centro poblado de Allmay, distrito de Pueblo Libre, provincia de Huaylas.<\/strong><\/p>\n<p><strong>De acuerdo con el reporte del COER \u00c1ncash, el siniestro ha ocasionado da\u00f1os en 20 hect\u00e1reas de pastizales y arbustos. Asimismo, no se reportan da\u00f1os a la vida ni a la salud de las personas.<\/strong><\/p>\n<p><strong>Durante la ma\u00f1ana de ayer, una brigada de la Municipalidad Distrital de Pueblo Libre y el subprefecto del distrito, realizaron acciones de control; sin embargo, no logr\u00f3 controlar completamente el incendio.<\/strong><\/p>\n<p><strong>Seg\u00fan el personal de Gesti\u00f3n del Riesgo de Desastres de la municipalidad, el fuego se propaga en direcci\u00f3n a postes de energ\u00eda el\u00e9ctrica del sector Molino, con posibilidad de afectar cables que abastecen de energ\u00eda a una antena parab\u00f3lica repetidora de canales de televisi\u00f3n. Las autoridades mantienen el monitoreo permanente de la emergencia.<\/strong> <strong>(Ronald Montoro Yopla)<\/strong><\/p>\n","protected":false},"excerpt":{"rendered":"<p>Adem\u00e1s en nuestra regi\u00f3n se han registrado 93 emergencias por vientos fuertes, m\u00e1s de 1,600 hect\u00e1reas de cobertura vegetal destru\u00eddas,\u00a0 y 30 sismos \u00a0 INFORME ESPECIAL Ronald Montoro Yopla El Centro de Operaciones de Emergencia Regional (COER) \u00c1ncash inform\u00f3 que, entre el 1 de enero y el 31 de agosto de 2026, se han registrado [&hellip;]<\/p>\n","protected":false},"author":2,"featured_media":22266,"comment_status":"closed","ping_status":"closed","sticky":false,"template":"","format":"gallery","meta":{"footnotes":""},"categories":[174,177],"tags":[],"class_list":["post-22265","post","type-post","status-publish","format-gallery","has-post-thumbnail","hentry","category-ancash","category-destacado","post_format-post-format-gallery"],"_links":{"self":[{"href":"https:\/\/prensaregionalhuaraz.com.pe\/index.php\/wp-json\/wp\/v2\/posts\/22265","targetHints":{"allow":["GET"]}}],"collection":[{"href":"https:\/\/prensaregionalhuaraz.com.pe\/index.php\/wp-json\/wp\/v2\/posts"}],"about":[{"href":"https:\/\/prensaregionalhuaraz.com.pe\/index.php\/wp-json\/wp\/v2\/types\/post"}],"author":[{"embeddable":true,"href":"https:\/\/prensaregionalhuaraz.com.pe\/index.php\/wp-json\/wp\/v2\/users\/2"}],"replies":[{"embeddable":true,"href":"https:\/\/prensaregionalhuaraz.com.pe\/index.php\/wp-json\/wp\/v2\/comments?post=22265"}],"version-history":[{"count":1,"href":"https:\/\/prensaregionalhuaraz.com.pe\/index.php\/wp-json\/wp\/v2\/posts\/22265\/revisions"}],"predecessor-version":[{"id":22267,"href":"https:\/\/prensaregionalhuaraz.com.pe\/index.php\/wp-json\/wp\/v2\/posts\/22265\/revisions\/22267"}],"wp:featuredmedia":[{"embeddable":true,"href":"https:\/\/prensaregionalhuaraz.com.pe\/index.php\/wp-json\/wp\/v2\/media\/22266"}],"wp:attachment":[{"href":"https:\/\/prensaregionalhuaraz.com.pe\/index.php\/wp-json\/wp\/v2\/media?parent=22265"}],"wp:term":[{"taxonomy":"category","embeddable":true,"href":"https:\/\/prensaregionalhuaraz.com.pe\/index.php\/wp-json\/wp\/v2\/categories?post=22265"},{"taxonomy":"post_tag","embeddable":true,"href":"https:\/\/prensaregionalhuaraz.com.pe\/index.php\/wp-json\/wp\/v2\/tags?post=22265"}],"curies":[{"name":"wp","href":"https:\/\/api.w.org\/{rel}","templated":true}]}}