{"id":22259,"date":"2026-09-01T06:44:23","date_gmt":"2026-09-01T06:44:23","guid":{"rendered":"https:\/\/prensaregionalhuaraz.com.pe\/?p=22259"},"modified":"2026-09-01T06:44:23","modified_gmt":"2026-09-01T06:44:23","slug":"el-nino-podria-dejar-a-1-millon-300-mil-peruanos-damnificados-o-afectados-por-inundaciones-huaicos-y-deslizamientos","status":"publish","type":"post","link":"https:\/\/prensaregionalhuaraz.com.pe\/index.php\/2026\/09\/01\/el-nino-podria-dejar-a-1-millon-300-mil-peruanos-damnificados-o-afectados-por-inundaciones-huaicos-y-deslizamientos\/","title":{"rendered":"El Ni\u00f1o podr\u00eda dejar a 1 mill\u00f3n 300 mil peruanos damnificados o afectados por inundaciones, huaicos y deslizamientos"},"content":{"rendered":"<p><img fetchpriority=\"high\" decoding=\"async\" class=\"alignnone size-full wp-image-22260\" src=\"https:\/\/prensaregionalhuaraz.com.pe\/wp-content\/uploads\/2026\/09\/NINO-AFECTAR-A-1-MILON-300MIL-PERUANOS.jpg\" alt=\"\" width=\"731\" height=\"531\" srcset=\"https:\/\/prensaregionalhuaraz.com.pe\/wp-content\/uploads\/2026\/09\/NINO-AFECTAR-A-1-MILON-300MIL-PERUANOS.jpg 731w, https:\/\/prensaregionalhuaraz.com.pe\/wp-content\/uploads\/2026\/09\/NINO-AFECTAR-A-1-MILON-300MIL-PERUANOS-300x218.jpg 300w\" sizes=\"(max-width: 731px) 100vw, 731px\" \/><\/p>\n<p><strong>Del total estimado, 1.036.087 personas estar\u00edan expuestas a inundaciones, mientras que otras 212.325 enfrentar\u00edan el peligro de huaicos y deslizamientos. Aunque el pa\u00eds se encuentra actualmente en fase de preparaci\u00f3n, especialistas han advertido que marzo y abril de 2027 podr\u00edan convertirse en uno de los periodos m\u00e1s cr\u00edticos.\u00a0\u00a0\u00a0 las medidas de prevenci\u00f3n deben ejecutarse antes del inicio de las lluvias. <\/strong><\/p>\n<p><strong>Entre las acciones prioritarias est\u00e1n la limpieza de los cauces de los r\u00edos y drenes, instalaci\u00f3n de motobombas en puntos cr\u00edticos, preparaci\u00f3n de equipos de rescate y habilitaci\u00f3n de refugios temporales.\u00a0\u00a0\u00a0 El reto de las autoridades ser\u00e1 ejecutar estas medidas antes de que se intensifiquen las precipitaciones. \u00a0La proyecci\u00f3n de Indeci muestra que el impacto potencial no se limita a unas cuantas localidades: m\u00e1s de 1,2 millones de personas podr\u00edan verse afectadas si los escenarios previstos se concretan.<\/strong><\/p>\n<p><strong>\u00a0<\/strong><\/p>\n<p><strong>(Daniela Orellana \u2013 larrepublica.pe)<\/strong><\/p>\n<p><strong>El fen\u00f3meno de El Ni\u00f1o podr\u00eda dejar a 1.248.412 peruanos damnificados o afectados por inundaciones, huaicos y deslizamientos, de acuerdo con una proyecci\u00f3n elaborada por el Instituto Nacional de Defensa Civil (Indeci). <\/strong><\/p>\n<p><strong>El escenario pone bajo especial atenci\u00f3n a diez regiones del pa\u00eds, donde se concentra la mayor cantidad de personas expuestas. <\/strong><\/p>\n<p><strong>Del total estimado, 1.036.087 personas estar\u00edan expuestas a inundaciones, mientras que otras 212.325 enfrentar\u00edan el peligro de huaicos y deslizamientos. <\/strong><\/p>\n<p><strong>La proyecci\u00f3n contempla a Piura, Lambayeque, La Libertad, Ucayali, Lima Metropolitana y Provincias, \u00c1ncash, Tumbes, Hu\u00e1nuco, Cajamarca y Arequipa como las regiones con mayor cantidad de personas potencialmente afectadas. <\/strong><\/p>\n<p><strong>\u00bfCu\u00e1les son las regiones con mayor poblaci\u00f3n en riesgo por El Ni\u00f1o? <\/strong><\/p>\n<p><strong>El mayor n\u00famero de personas expuestas se concentra en el norte del pa\u00eds. Piura, Lambayeque y La Libertad re\u00fanen 667.757 potenciales afectados, seg\u00fan el documento de Indeci. <\/strong><\/p>\n<p><strong>Estas regiones presentan adem\u00e1s una alta dependencia de actividades como la agricultura y la agroexportaci\u00f3n.<\/strong><\/p>\n<p><strong>\u00a0Productos como mango, ar\u00e1ndano, palta, banano y arroz podr\u00edan verse perjudicados por inundaciones o interrupciones en las v\u00edas de transporte. <\/strong><\/p>\n<p><strong>La afectaci\u00f3n tambi\u00e9n podr\u00eda alcanzar a la pesca y el turismo, por lo que un episodio de lluvias intensas tendr\u00eda consecuencias tanto para las familias ubicadas en zonas vulnerables como para la econom\u00eda regional. <\/strong><\/p>\n<p><strong>MARZO Y ABRIL DE 2027 GENERAN MAYOR PREOCUPACI\u00d3N <\/strong><\/p>\n<p><strong>Aunque el pa\u00eds se encuentra actualmente en fase de preparaci\u00f3n, especialistas han advertido que marzo y abril de 2027 podr\u00edan convertirse en uno de los periodos m\u00e1s cr\u00edticos. <\/strong><\/p>\n<p><strong>La preocupaci\u00f3n se debe a que, en condiciones normales, las lluvias deb<\/strong><\/p>\n<p><strong>Sin embargo, la presencia del fen\u00f3meno de El Ni\u00f1o podr\u00eda alterar ese comportamiento y provocar precipitaciones m\u00e1s intensas o prolongadas. <\/strong><\/p>\n<p><strong>ADVIERTEN QUE EL TIEMPO PARA PREVENIR ES LIMITADO <\/strong><\/p>\n<p><strong>El exministro de Agricultura Juan Manuel Benites, quien estuvo a cargo de las acciones del Ejecutivo durante el fen\u00f3meno de El Ni\u00f1o de 2015, sostuvo que las medidas de prevenci\u00f3n deben ejecutarse antes del inicio de las lluvias. <\/strong><\/p>\n<p><strong>Entre las acciones que consider\u00f3 prioritarias est\u00e1n la limpieza de los cauces de los r\u00edos y drenes, instalaci\u00f3n de motobombas en puntos cr\u00edticos, preparaci\u00f3n de equipos de rescate y habilitaci\u00f3n de refugios temporales. <\/strong><\/p>\n<p><strong>Tambi\u00e9n plante\u00f3 garantizar la conectividad ante eventuales interrupciones de carreteras mediante maquinaria, veh\u00edculos y puentes Bailey. <\/strong><\/p>\n<p><strong>\u201cNo hay que esperar a las lluvias, sino que desde ahora hay que tener un plan de acci\u00f3n\u201d, se\u00f1al\u00f3. <\/strong><\/p>\n<p><strong>Por su parte, Jorge Ch\u00e1vez Cresta, exjefe del Indeci, pidi\u00f3 priorizar las zonas donde las precipitaciones suelen generar mayores emergencias, principalmente en el norte. <\/strong><\/p>\n<p><strong>El especialista puso \u00e9nfasis en el estado del drenaje y alcantarillado, debido a que estos sistemas suelen colapsar durante episodios de lluvias intensas. <\/strong><\/p>\n<p><strong>Ch\u00e1vez Cresta record\u00f3 que existen 569 puntos cr\u00edticos identificados y advirti\u00f3 que el tiempo para ejecutar grandes obras de infraestructura es cada vez menor. \u201cSolo tenemos septiembre, octubre y noviembre, tres meses antes de que empiecen las lluvias\u201d, sostuvo. <\/strong><\/p>\n<p><strong>GOBIERNO DESTINA RECURSOS PARA PREVENIR DESBORDES <\/strong><\/p>\n<p><strong>Como parte de las acciones de preparaci\u00f3n, el Gobierno autoriz\u00f3 una transferencia de m\u00e1s de S\/179 millones a la Autoridad Nacional del Agua (ANA) para intervenir 70 puntos cr\u00edticos e instalar barreras din\u00e1micas en zonas de alto riesgo de desbordes e inundaciones. <\/strong><\/p>\n<p><strong>El reto de las autoridades ser\u00e1 ejecutar estas medidas antes de que se intensifiquen las precipitaciones. La proyecci\u00f3n de Indeci muestra que el impacto potencial no se limita a unas cuantas localidades: m\u00e1s de 1,2 millones de personas podr\u00edan verse afectadas si los escenarios previstos se concretan. <\/strong><\/p>\n<p><strong>\u00bfQU\u00c9 PELIGROS PODR\u00cdA GENERAR EL NI\u00d1O? <\/strong><\/p>\n<p><strong>La presencia del fen\u00f3meno clim\u00e1tico podr\u00eda intensificar las precipitaciones y elevar el riesgo de: <\/strong><\/p>\n<ul>\n<li><strong> Inundaciones en zonas cercanas a r\u00edos y sectores urbanos con drenaje deficiente.<\/strong><\/li>\n<li><strong> Huaicos y deslizamientos en quebradas y zonas de ladera.<\/strong><\/li>\n<li><strong> Ca\u00edda de rocas en \u00e1reas con pendientes pronunciadas.<\/strong><\/li>\n<li><strong> Interrupci\u00f3n de carreteras y puentes, con impacto sobre el transporte y abastecimiento.<\/strong><\/li>\n<li><strong> P\u00e9rdidas agr\u00edcolas por da\u00f1os en cultivos y \u00e1reas de producci\u00f3n.<\/strong><\/li>\n<\/ul>\n","protected":false},"excerpt":{"rendered":"<p>Del total estimado, 1.036.087 personas estar\u00edan expuestas a inundaciones, mientras que otras 212.325 enfrentar\u00edan el peligro de huaicos y deslizamientos. Aunque el pa\u00eds se encuentra actualmente en fase de preparaci\u00f3n, especialistas han advertido que marzo y abril de 2027 podr\u00edan convertirse en uno de los periodos m\u00e1s cr\u00edticos.\u00a0\u00a0\u00a0 las medidas de prevenci\u00f3n deben ejecutarse antes [&hellip;]<\/p>\n","protected":false},"author":2,"featured_media":22260,"comment_status":"closed","ping_status":"closed","sticky":false,"template":"","format":"gallery","meta":{"footnotes":""},"categories":[174,177],"tags":[],"class_list":["post-22259","post","type-post","status-publish","format-gallery","has-post-thumbnail","hentry","category-ancash","category-destacado","post_format-post-format-gallery"],"_links":{"self":[{"href":"https:\/\/prensaregionalhuaraz.com.pe\/index.php\/wp-json\/wp\/v2\/posts\/22259","targetHints":{"allow":["GET"]}}],"collection":[{"href":"https:\/\/prensaregionalhuaraz.com.pe\/index.php\/wp-json\/wp\/v2\/posts"}],"about":[{"href":"https:\/\/prensaregionalhuaraz.com.pe\/index.php\/wp-json\/wp\/v2\/types\/post"}],"author":[{"embeddable":true,"href":"https:\/\/prensaregionalhuaraz.com.pe\/index.php\/wp-json\/wp\/v2\/users\/2"}],"replies":[{"embeddable":true,"href":"https:\/\/prensaregionalhuaraz.com.pe\/index.php\/wp-json\/wp\/v2\/comments?post=22259"}],"version-history":[{"count":1,"href":"https:\/\/prensaregionalhuaraz.com.pe\/index.php\/wp-json\/wp\/v2\/posts\/22259\/revisions"}],"predecessor-version":[{"id":22261,"href":"https:\/\/prensaregionalhuaraz.com.pe\/index.php\/wp-json\/wp\/v2\/posts\/22259\/revisions\/22261"}],"wp:featuredmedia":[{"embeddable":true,"href":"https:\/\/prensaregionalhuaraz.com.pe\/index.php\/wp-json\/wp\/v2\/media\/22260"}],"wp:attachment":[{"href":"https:\/\/prensaregionalhuaraz.com.pe\/index.php\/wp-json\/wp\/v2\/media?parent=22259"}],"wp:term":[{"taxonomy":"category","embeddable":true,"href":"https:\/\/prensaregionalhuaraz.com.pe\/index.php\/wp-json\/wp\/v2\/categories?post=22259"},{"taxonomy":"post_tag","embeddable":true,"href":"https:\/\/prensaregionalhuaraz.com.pe\/index.php\/wp-json\/wp\/v2\/tags?post=22259"}],"curies":[{"name":"wp","href":"https:\/\/api.w.org\/{rel}","templated":true}]}}