{"id":20775,"date":"2026-04-29T05:01:32","date_gmt":"2026-04-29T05:01:32","guid":{"rendered":"https:\/\/prensaregionalhuaraz.com.pe\/?p=20775"},"modified":"2026-04-29T05:01:32","modified_gmt":"2026-04-29T05:01:32","slug":"salgan-el-rio-se-ha-salido-testimonios-reviven-la-tragedia-del-aluvion-en-casca","status":"publish","type":"post","link":"https:\/\/prensaregionalhuaraz.com.pe\/index.php\/2026\/04\/29\/salgan-el-rio-se-ha-salido-testimonios-reviven-la-tragedia-del-aluvion-en-casca\/","title":{"rendered":"\u201cSalgan, el r\u00edo se ha salido\u201d Testimonios reviven la tragedia del aluvi\u00f3n en Casca"},"content":{"rendered":"<p><img fetchpriority=\"high\" decoding=\"async\" class=\"alignnone size-full wp-image-20776\" src=\"https:\/\/prensaregionalhuaraz.com.pe\/wp-content\/uploads\/2026\/04\/TESTIMONIO-ALUVION-CASCA.jpg\" alt=\"\" width=\"667\" height=\"315\" srcset=\"https:\/\/prensaregionalhuaraz.com.pe\/wp-content\/uploads\/2026\/04\/TESTIMONIO-ALUVION-CASCA.jpg 667w, https:\/\/prensaregionalhuaraz.com.pe\/wp-content\/uploads\/2026\/04\/TESTIMONIO-ALUVION-CASCA-300x142.jpg 300w\" sizes=\"(max-width: 667px) 100vw, 667px\" \/><\/p>\n<p><strong>A un a\u00f1o de la tragedia, damnificados recuerdan la desesperaci\u00f3n, p\u00e9rdidas y angustia vividas durante el desborde que arras\u00f3 viviendas y dej\u00f3 v\u00edctimas en la zona<\/strong><\/p>\n<p><strong>\u00a0<\/strong><strong>Un estruendo en plena madrugada cambi\u00f3 la vida de decenas de familias asentadas en las m\u00e1rgenes del r\u00edo Casca. A un a\u00f1o del aluvi\u00f3n ocurrido el 28 de abril de 2025, los sobrevivientes reviven con dolor los momentos de desesperaci\u00f3n que marcaron aquella tragedia.<\/strong><\/p>\n<p><strong>\u201cMi prima tocaba cada puerta gritando: \u2018\u00a1salgan, el r\u00edo se ha salido!\u2019, pero no cre\u00edamos\u2026 hasta que mir\u00e9 por la ventana y vi el lodo\u201d, relat\u00f3 una de las sobrevivientes. En medio del caos, cont\u00f3 que intent\u00f3 huir cargando a su hermano menor, pero al sentir que su pie se hund\u00eda en el lodo, tuvo que detenerse por temor a perder la vida. \u201cMi mam\u00e1 me dijo que no salga\u2026 y lo perdimos todo\u201d, record\u00f3.<\/strong><\/p>\n<p><strong>Otra de las afectadas, Fof\u00eda Ram\u00edrez, narr\u00f3 que la desesperaci\u00f3n la llev\u00f3 incluso a perder de vista a su hija menor. \u201cMi hija me llam\u00f3 diciendo que el r\u00edo se hab\u00eda desbordado, y en la desesperaci\u00f3n olvid\u00e9 a mi ni\u00f1a\u201d, expres\u00f3. A\u00f1adi\u00f3 que otra de sus hijas logr\u00f3 salir por el techo junto a otros familiares alrededor de las 4 de la ma\u00f1ana. Cuando regresaron dos horas despu\u00e9s, sus viviendas ya estaban completamente cubiertas de lodo.<\/strong><\/p>\n<p><strong>Los testimonios coinciden en que el miedo, la confusi\u00f3n y la urgencia marcaron esas primeras horas, en medio del colapso de los servicios b\u00e1sicos y la falta de comunicaci\u00f3n. El desastre dej\u00f3 32 familias damnificadas, dos fallecidos y m\u00e1s de 120 familias afectadas, adem\u00e1s de da\u00f1os severos en agua, desag\u00fce, electricidad y telefon\u00eda.<\/strong><\/p>\n<p><strong>A pesar del impacto, los sobrevivientes tambi\u00e9n destacan la solidaridad entre vecinos como un factor clave para enfrentar la emergencia. Durante la conmemoraci\u00f3n del primer a\u00f1o, pobladores y dirigentes rindieron homenaje a las v\u00edctimas, recordando con tristeza lo ocurrido, pero tambi\u00e9n reconociendo los avances logrados gracias al trabajo conjunto con las autoridades, aunque a\u00fan persisten necesidades en la zona. (Mendoza Flores Ceci Mariela)<\/strong><\/p>\n","protected":false},"excerpt":{"rendered":"<p>A un a\u00f1o de la tragedia, damnificados recuerdan la desesperaci\u00f3n, p\u00e9rdidas y angustia vividas durante el desborde que arras\u00f3 viviendas y dej\u00f3 v\u00edctimas en la zona \u00a0Un estruendo en plena madrugada cambi\u00f3 la vida de decenas de familias asentadas en las m\u00e1rgenes del r\u00edo Casca. A un a\u00f1o del aluvi\u00f3n ocurrido el 28 de abril [&hellip;]<\/p>\n","protected":false},"author":2,"featured_media":20776,"comment_status":"closed","ping_status":"closed","sticky":false,"template":"","format":"gallery","meta":{"footnotes":""},"categories":[177,173],"tags":[],"class_list":["post-20775","post","type-post","status-publish","format-gallery","has-post-thumbnail","hentry","category-destacado","category-huaraz","post_format-post-format-gallery"],"amp_enabled":true,"_links":{"self":[{"href":"https:\/\/prensaregionalhuaraz.com.pe\/index.php\/wp-json\/wp\/v2\/posts\/20775","targetHints":{"allow":["GET"]}}],"collection":[{"href":"https:\/\/prensaregionalhuaraz.com.pe\/index.php\/wp-json\/wp\/v2\/posts"}],"about":[{"href":"https:\/\/prensaregionalhuaraz.com.pe\/index.php\/wp-json\/wp\/v2\/types\/post"}],"author":[{"embeddable":true,"href":"https:\/\/prensaregionalhuaraz.com.pe\/index.php\/wp-json\/wp\/v2\/users\/2"}],"replies":[{"embeddable":true,"href":"https:\/\/prensaregionalhuaraz.com.pe\/index.php\/wp-json\/wp\/v2\/comments?post=20775"}],"version-history":[{"count":1,"href":"https:\/\/prensaregionalhuaraz.com.pe\/index.php\/wp-json\/wp\/v2\/posts\/20775\/revisions"}],"predecessor-version":[{"id":20777,"href":"https:\/\/prensaregionalhuaraz.com.pe\/index.php\/wp-json\/wp\/v2\/posts\/20775\/revisions\/20777"}],"wp:featuredmedia":[{"embeddable":true,"href":"https:\/\/prensaregionalhuaraz.com.pe\/index.php\/wp-json\/wp\/v2\/media\/20776"}],"wp:attachment":[{"href":"https:\/\/prensaregionalhuaraz.com.pe\/index.php\/wp-json\/wp\/v2\/media?parent=20775"}],"wp:term":[{"taxonomy":"category","embeddable":true,"href":"https:\/\/prensaregionalhuaraz.com.pe\/index.php\/wp-json\/wp\/v2\/categories?post=20775"},{"taxonomy":"post_tag","embeddable":true,"href":"https:\/\/prensaregionalhuaraz.com.pe\/index.php\/wp-json\/wp\/v2\/tags?post=20775"}],"curies":[{"name":"wp","href":"https:\/\/api.w.org\/{rel}","templated":true}]}}