{"id":20763,"date":"2026-04-29T04:58:35","date_gmt":"2026-04-29T04:58:35","guid":{"rendered":"https:\/\/prensaregionalhuaraz.com.pe\/?p=20763"},"modified":"2026-04-29T04:58:35","modified_gmt":"2026-04-29T04:58:35","slug":"fe-y-tradicion-revelan-historia-de-los-hermanos-del-senor-de-la-soledad","status":"publish","type":"post","link":"https:\/\/prensaregionalhuaraz.com.pe\/index.php\/2026\/04\/29\/fe-y-tradicion-revelan-historia-de-los-hermanos-del-senor-de-la-soledad\/","title":{"rendered":"Fe y tradici\u00f3n: revelan historia de los  \u201chermanos\u201d del Se\u00f1or de la Soledad"},"content":{"rendered":"<p><img fetchpriority=\"high\" decoding=\"async\" class=\"alignnone size-full wp-image-20764\" src=\"https:\/\/prensaregionalhuaraz.com.pe\/wp-content\/uploads\/2026\/04\/FE-Y-TRADICION-LOS-HERMANOS-SENOR-SOLEDAD.jpg\" alt=\"\" width=\"336\" height=\"340\" srcset=\"https:\/\/prensaregionalhuaraz.com.pe\/wp-content\/uploads\/2026\/04\/FE-Y-TRADICION-LOS-HERMANOS-SENOR-SOLEDAD.jpg 336w, https:\/\/prensaregionalhuaraz.com.pe\/wp-content\/uploads\/2026\/04\/FE-Y-TRADICION-LOS-HERMANOS-SENOR-SOLEDAD-296x300.jpg 296w, https:\/\/prensaregionalhuaraz.com.pe\/wp-content\/uploads\/2026\/04\/FE-Y-TRADICION-LOS-HERMANOS-SENOR-SOLEDAD-80x80.jpg 80w\" sizes=\"(max-width: 336px) 100vw, 336px\" \/><\/p>\n<p><strong>Arque\u00f3loga Elzbieta Jodtowska presentar\u00e1 este 30 de abril en Huaraz un estudio que recoge relatos de pueblos donde distintas im\u00e1genes religiosas est\u00e1n conectadas. <\/strong><strong>\u00a0<\/strong><\/p>\n<p><strong>Una investigaci\u00f3n sobre la religiosidad andina vuelve a poner en el centro una de las devociones m\u00e1s importantes de la regi\u00f3n. La arque\u00f3loga polaca Elzbieta Jodtowska presentar\u00e1 este 30 de abril en Huaraz su libro \u201cEl Se\u00f1or de la Soledad y sus hermanos\u201d, resultado de varios a\u00f1os de trabajo de campo en distintas localidades de \u00c1ncash, donde recopil\u00f3 testimonios directos de fieles y pobladores.<\/strong><\/p>\n<p><strong>El estudio no solo aborda la fe desde una mirada acad\u00e9mica, sino que recoge historias vivas que se transmiten entre generaciones. En estos relatos, los devotos coinciden en una idea central: diversas im\u00e1genes religiosas no est\u00e1n aisladas, sino que forman parte de una misma tradici\u00f3n compartida entre pueblos, construida a trav\u00e9s del tiempo.<\/strong><\/p>\n<p><strong>RELATOS QUE SE MANTIENEN<\/strong><\/p>\n<p><strong>Durante su investigaci\u00f3n, la autora identific\u00f3 versiones que se repiten en distintas comunidades, donde se habla de una relaci\u00f3n simb\u00f3lica entre el Se\u00f1or de la Soledad y otras im\u00e1genes consideradas como \u201chermanos\u201d. Estas historias, aunque no est\u00e1n escritas en documentos formales, siguen vigentes en la memoria colectiva de los pueblos.<\/strong><\/p>\n<p><strong>Entre las principales advocaciones que forman parte de esta tradici\u00f3n figuran el Se\u00f1or de Recuay, el Se\u00f1or de Pumallucay, el Se\u00f1or de Mayo de Pariacoto y el Se\u00f1or de Santa, todos con gran arraigo en sus respectivas localidades y reconocidos por los fieles como milagrosos.<\/strong><\/p>\n<p><strong>FE QUE CAMBIA SEG\u00daN EL LUGAR<\/strong><\/p>\n<p><strong>Uno de los aspectos m\u00e1s llamativos del estudio es que cada pueblo tiene su propia versi\u00f3n de la historia. Mientras en Huaraz el Se\u00f1or de la Soledad es considerado la figura principal dentro de esta red de creencias, en otras localidades ocurre lo mismo con sus respectivas im\u00e1genes.<\/strong><\/p>\n<p><strong>Esta diversidad demuestra c\u00f3mo la fe andina no es uniforme, sino que se adapta a cada contexto local, manteniendo una conexi\u00f3n espiritual entre comunidades sin perder sus particularidades.<\/strong><\/p>\n<p><strong>IDENTIDAD QUE PERDURA<\/strong><\/p>\n<p><strong>El trabajo tambi\u00e9n resalta que estas creencias se transmiten principalmente de manera oral, a trav\u00e9s de festividades patronales, peregrinaciones y relatos familiares, lo que ha permitido que se mantengan vigentes a lo largo del tiempo.<\/strong><\/p>\n<p><strong>DATO:<\/strong><\/p>\n<p><strong>M\u00e1s all\u00e1 del aspecto religioso, esta tradici\u00f3n representa un elemento clave de identidad cultural, ya que une a distintos pueblos a trav\u00e9s de una misma forma de entender lo sagrado y lo comunitario.<\/strong><\/p>\n<p><strong>La presentaci\u00f3n del libro se realizar\u00e1 este 30 de abril en Huaraz y reunir\u00e1 a p\u00fablico interesado en la historia, la cultura y la religiosidad andina. La investigaci\u00f3n pone en valor c\u00f3mo las tradiciones orales siguen siendo fundamentales en \u00c1ncash, donde la fe no solo se vive en las festividades, sino tambi\u00e9n en la forma en que los pueblos construyen su identidad y mantienen v\u00ednculos hist\u00f3ricos entre s\u00ed.\u00a0 <\/strong><strong>\u00a0(Gionela Gar<\/strong><strong>c\u00eda)<\/strong><\/p>\n","protected":false},"excerpt":{"rendered":"<p>Arque\u00f3loga Elzbieta Jodtowska presentar\u00e1 este 30 de abril en Huaraz un estudio que recoge relatos de pueblos donde distintas im\u00e1genes religiosas est\u00e1n conectadas. \u00a0 Una investigaci\u00f3n sobre la religiosidad andina vuelve a poner en el centro una de las devociones m\u00e1s importantes de la regi\u00f3n. La arque\u00f3loga polaca Elzbieta Jodtowska presentar\u00e1 este 30 de abril [&hellip;]<\/p>\n","protected":false},"author":2,"featured_media":20764,"comment_status":"closed","ping_status":"closed","sticky":false,"template":"","format":"gallery","meta":{"footnotes":""},"categories":[174],"tags":[],"class_list":["post-20763","post","type-post","status-publish","format-gallery","has-post-thumbnail","hentry","category-ancash","post_format-post-format-gallery"],"amp_enabled":true,"_links":{"self":[{"href":"https:\/\/prensaregionalhuaraz.com.pe\/index.php\/wp-json\/wp\/v2\/posts\/20763","targetHints":{"allow":["GET"]}}],"collection":[{"href":"https:\/\/prensaregionalhuaraz.com.pe\/index.php\/wp-json\/wp\/v2\/posts"}],"about":[{"href":"https:\/\/prensaregionalhuaraz.com.pe\/index.php\/wp-json\/wp\/v2\/types\/post"}],"author":[{"embeddable":true,"href":"https:\/\/prensaregionalhuaraz.com.pe\/index.php\/wp-json\/wp\/v2\/users\/2"}],"replies":[{"embeddable":true,"href":"https:\/\/prensaregionalhuaraz.com.pe\/index.php\/wp-json\/wp\/v2\/comments?post=20763"}],"version-history":[{"count":1,"href":"https:\/\/prensaregionalhuaraz.com.pe\/index.php\/wp-json\/wp\/v2\/posts\/20763\/revisions"}],"predecessor-version":[{"id":20765,"href":"https:\/\/prensaregionalhuaraz.com.pe\/index.php\/wp-json\/wp\/v2\/posts\/20763\/revisions\/20765"}],"wp:featuredmedia":[{"embeddable":true,"href":"https:\/\/prensaregionalhuaraz.com.pe\/index.php\/wp-json\/wp\/v2\/media\/20764"}],"wp:attachment":[{"href":"https:\/\/prensaregionalhuaraz.com.pe\/index.php\/wp-json\/wp\/v2\/media?parent=20763"}],"wp:term":[{"taxonomy":"category","embeddable":true,"href":"https:\/\/prensaregionalhuaraz.com.pe\/index.php\/wp-json\/wp\/v2\/categories?post=20763"},{"taxonomy":"post_tag","embeddable":true,"href":"https:\/\/prensaregionalhuaraz.com.pe\/index.php\/wp-json\/wp\/v2\/tags?post=20763"}],"curies":[{"name":"wp","href":"https:\/\/api.w.org\/{rel}","templated":true}]}}