{"id":20406,"date":"2026-03-26T05:56:06","date_gmt":"2026-03-26T05:56:06","guid":{"rendered":"https:\/\/prensaregionalhuaraz.com.pe\/?p=20406"},"modified":"2026-03-26T05:56:06","modified_gmt":"2026-03-26T05:56:06","slug":"cae-integrante-de-la-banda-criminal-los-terribles-del-ajuste-2","status":"publish","type":"post","link":"https:\/\/prensaregionalhuaraz.com.pe\/index.php\/2026\/03\/26\/cae-integrante-de-la-banda-criminal-los-terribles-del-ajuste-2\/","title":{"rendered":"Cae integrante de la banda criminal  \u201cLos Terribles del Ajuste\u201d"},"content":{"rendered":"<p><img fetchpriority=\"high\" decoding=\"async\" class=\"alignnone size-full wp-image-20407\" src=\"https:\/\/prensaregionalhuaraz.com.pe\/wp-content\/uploads\/2026\/03\/DELINCUENTE-CAPTURADO.jpg\" alt=\"\" width=\"472\" height=\"600\" srcset=\"https:\/\/prensaregionalhuaraz.com.pe\/wp-content\/uploads\/2026\/03\/DELINCUENTE-CAPTURADO.jpg 472w, https:\/\/prensaregionalhuaraz.com.pe\/wp-content\/uploads\/2026\/03\/DELINCUENTE-CAPTURADO-236x300.jpg 236w\" sizes=\"(max-width: 472px) 100vw, 472px\" \/><\/p>\n<p><strong>Jhon Jairo Moreno Ramaycuna fue trasladado de Lima a Huaraz fuertemente custodiado \u00a0<\/strong><\/p>\n<p>La Regi\u00f3n Policial Ancash al mando del general PNP Eduan D\u00edaz, viene realizando diversas capturas de gente que vive al margen de la ley, ayer se inform\u00f3 sobre la captura de una tercera persona involucrada en presunta acci\u00f3n de extorsi\u00f3n.El coronel PNP Percy Chac\u00f3n, jefe de la DIVINCRI Huaraz con el personal del \u00c1rea de Extorsiones y el apoyo de los efectivos de la DIVICC -DIRINCRI PNP, lograron la intervenci\u00f3n y captura de un sujeto que estaba siendo seguido por las fuerzas del orden.<\/p>\n<p>El operativo policial contra la criminalidad fue realizado en relaci\u00f3n a la puesta en vigencia del Plan de Seguridad Ciudadana 2026 &#8211; 2028, con resultado positivo para la detenci\u00f3n del integrante de la banda criminal \u201cLos Terribles del Ajuste\u201d, por el delito contra la propiedad \u2013 extorsi\u00f3n.<\/p>\n<p>La acci\u00f3n policial se produjo el 24 de marzo del a\u00f1o en curso a las 16.45 horas en el frontis del Colegio Newton de Carabayllo (1era. intervenci\u00f3n) y en la intersecci\u00f3n de la avenida Arequipa con el jir\u00f3n Espa\u00f1a en Comas\u00a0 (2da. intervenci\u00f3n).El detenido es la persona de Jhon Jairo Moreno Ramaycuna de 31 a\u00f1os de edad con DNI 76286391, alias \u201cJhon Jairo\u201d quien contaba con requisitoria vigente emitida por un juzgado de la Corte Superior de Justicia de Ancash.<\/p>\n<p>Durante la captura se decomis\u00f3\u00a0 dos (02) equipos celulares (incriminados), el detenido Jhon Jairo Moreno Ramaycuna (31), se encuentra con detenci\u00f3n preliminar por el plazo de 7 d\u00edas, por el delito de extorsi\u00f3n, en agravio de empresario, hecho ocurrido el 11 de marzo 2026 en la jurisdicci\u00f3n de la provincia de Huaraz.<\/p>\n<p>El coronel PNP Percy Chac\u00f3n, dio cuenta que el empresario huaracino Antonio Cilio Colonia, fue la persona que estaba siendo extorsionada, su denuncia fue de suma importancia para el trabajo policial.Como se recuerda, el empresario constructor de obras p\u00fablicas, Antonio Cilio Colonia, d\u00edas atr\u00e1s revel\u00f3 que fue v\u00edctima de extorsi\u00f3n y fue objeto de constantes amenazas, ello lo motiv\u00f3 y en el cuidado de su integridad f\u00edsica acudi\u00f3 a la DIVINCRI Huaraz.<\/p>\n<p>La Polic\u00eda de Huaraz, semanas atr\u00e1s primero logr\u00f3 la captura de Edwin Willy Marcas Huarcaya (38), alias \u201cEl Operador\u201d, y Alberto Samuel G\u00e1lvez Inga (34), quienes cayeron en manos de la PNP en el distrito de Comas-Lima.Ayer en medio de estrictas medidas de seguridad, Jhon Jairo arrib\u00f3 a la ciudad de Huaraz, fuertemente custodiado y fue puesto en una celda en el Complejo Policial de San Mart\u00edn \u2013sede de la DIVINCRI en la ciudad de\u00a0 Huaraz.\u00a0 (Arnaldo Mej\u00eda Boj\u00f3rquez)<\/p>\n","protected":false},"excerpt":{"rendered":"<p>Jhon Jairo Moreno Ramaycuna fue trasladado de Lima a Huaraz fuertemente custodiado \u00a0 La Regi\u00f3n Policial Ancash al mando del general PNP Eduan D\u00edaz, viene realizando diversas capturas de gente que vive al margen de la ley, ayer se inform\u00f3 sobre la captura de una tercera persona involucrada en presunta acci\u00f3n de extorsi\u00f3n.El coronel PNP [&hellip;]<\/p>\n","protected":false},"author":2,"featured_media":20407,"comment_status":"closed","ping_status":"closed","sticky":false,"template":"","format":"gallery","meta":{"footnotes":""},"categories":[177,173],"tags":[],"class_list":["post-20406","post","type-post","status-publish","format-gallery","has-post-thumbnail","hentry","category-destacado","category-huaraz","post_format-post-format-gallery"],"amp_enabled":true,"_links":{"self":[{"href":"https:\/\/prensaregionalhuaraz.com.pe\/index.php\/wp-json\/wp\/v2\/posts\/20406","targetHints":{"allow":["GET"]}}],"collection":[{"href":"https:\/\/prensaregionalhuaraz.com.pe\/index.php\/wp-json\/wp\/v2\/posts"}],"about":[{"href":"https:\/\/prensaregionalhuaraz.com.pe\/index.php\/wp-json\/wp\/v2\/types\/post"}],"author":[{"embeddable":true,"href":"https:\/\/prensaregionalhuaraz.com.pe\/index.php\/wp-json\/wp\/v2\/users\/2"}],"replies":[{"embeddable":true,"href":"https:\/\/prensaregionalhuaraz.com.pe\/index.php\/wp-json\/wp\/v2\/comments?post=20406"}],"version-history":[{"count":1,"href":"https:\/\/prensaregionalhuaraz.com.pe\/index.php\/wp-json\/wp\/v2\/posts\/20406\/revisions"}],"predecessor-version":[{"id":20408,"href":"https:\/\/prensaregionalhuaraz.com.pe\/index.php\/wp-json\/wp\/v2\/posts\/20406\/revisions\/20408"}],"wp:featuredmedia":[{"embeddable":true,"href":"https:\/\/prensaregionalhuaraz.com.pe\/index.php\/wp-json\/wp\/v2\/media\/20407"}],"wp:attachment":[{"href":"https:\/\/prensaregionalhuaraz.com.pe\/index.php\/wp-json\/wp\/v2\/media?parent=20406"}],"wp:term":[{"taxonomy":"category","embeddable":true,"href":"https:\/\/prensaregionalhuaraz.com.pe\/index.php\/wp-json\/wp\/v2\/categories?post=20406"},{"taxonomy":"post_tag","embeddable":true,"href":"https:\/\/prensaregionalhuaraz.com.pe\/index.php\/wp-json\/wp\/v2\/tags?post=20406"}],"curies":[{"name":"wp","href":"https:\/\/api.w.org\/{rel}","templated":true}]}}