{"id":20195,"date":"2026-03-13T03:57:46","date_gmt":"2026-03-13T03:57:46","guid":{"rendered":"https:\/\/prensaregionalhuaraz.com.pe\/?p=20195"},"modified":"2026-03-13T03:57:46","modified_gmt":"2026-03-13T03:57:46","slug":"prision-preventiva-9-meses-para-victor-montoro","status":"publish","type":"post","link":"https:\/\/prensaregionalhuaraz.com.pe\/index.php\/2026\/03\/13\/prision-preventiva-9-meses-para-victor-montoro\/","title":{"rendered":"Prisi\u00f3n preventiva 9 meses para V\u00edctor Montoro"},"content":{"rendered":"<p><img fetchpriority=\"high\" decoding=\"async\" class=\"alignnone size-full wp-image-20196\" src=\"https:\/\/prensaregionalhuaraz.com.pe\/wp-content\/uploads\/2026\/03\/a-prision-.jpg\" alt=\"\" width=\"802\" height=\"604\" srcset=\"https:\/\/prensaregionalhuaraz.com.pe\/wp-content\/uploads\/2026\/03\/a-prision-.jpg 802w, https:\/\/prensaregionalhuaraz.com.pe\/wp-content\/uploads\/2026\/03\/a-prision--300x226.jpg 300w, https:\/\/prensaregionalhuaraz.com.pe\/wp-content\/uploads\/2026\/03\/a-prision--768x578.jpg 768w\" sizes=\"(max-width: 802px) 100vw, 802px\" \/><\/p>\n<p><strong>Ser\u00e1 investigado por violaci\u00f3n a menor de edad en Toclla \u2013Huaraz<\/strong><\/p>\n<p>El Primer Despacho de la Fiscal\u00eda Especializada en Violencia contra la Mujer e Integrantes del Grupo Familiar de Huaraz logr\u00f3 que el Juzgado de Investigaci\u00f3n Preparatoria Especializado en Violencia contra la Mujer e Integrantes del Grupo Familiar de Huaraz, a cargo del magistrado Jos\u00e9 Cantoral, quien dict\u00f3 9 meses de prisi\u00f3n preventiva contra V\u00edctor Ra\u00fal Montoro Minaya. Al imputado se le investiga por la presunta violaci\u00f3n de una menor de 15 a\u00f1os en la localidad de Toclla, Huaraz.<\/p>\n<p>El Ministerio P\u00fablico ratifica su labor en la defensa de la vida, la integridad y la dignidad de las mujeres y los menores de edad, adoptando todas las acciones necesarias para perseguir el delito de forma c\u00e9lere y efectiva.<\/p>\n<p>Como se recuerda este grave hecho se registr\u00f3 el \u00faltimo domingo en horas de la noche en el centro poblado de Toclla, al sur de Huaraz, en donde un vecino aprovech\u00f3 de la amistad de su menor vecino a quien le pidi\u00f3 que lo recogiera su ropa y poco despu\u00e9s le pidi\u00f3 que se lo lleve a su casa en donde ocurrieron los hechos que ser\u00e1n materia de investigaci\u00f3n. (Arnaldo Mej\u00eda Boj\u00f3rquez)<\/p>\n","protected":false},"excerpt":{"rendered":"<p>Ser\u00e1 investigado por violaci\u00f3n a menor de edad en Toclla \u2013Huaraz El Primer Despacho de la Fiscal\u00eda Especializada en Violencia contra la Mujer e Integrantes del Grupo Familiar de Huaraz logr\u00f3 que el Juzgado de Investigaci\u00f3n Preparatoria Especializado en Violencia contra la Mujer e Integrantes del Grupo Familiar de Huaraz, a cargo del magistrado Jos\u00e9 [&hellip;]<\/p>\n","protected":false},"author":2,"featured_media":20196,"comment_status":"closed","ping_status":"closed","sticky":false,"template":"","format":"gallery","meta":{"footnotes":""},"categories":[177,173],"tags":[],"class_list":["post-20195","post","type-post","status-publish","format-gallery","has-post-thumbnail","hentry","category-destacado","category-huaraz","post_format-post-format-gallery"],"amp_enabled":true,"_links":{"self":[{"href":"https:\/\/prensaregionalhuaraz.com.pe\/index.php\/wp-json\/wp\/v2\/posts\/20195","targetHints":{"allow":["GET"]}}],"collection":[{"href":"https:\/\/prensaregionalhuaraz.com.pe\/index.php\/wp-json\/wp\/v2\/posts"}],"about":[{"href":"https:\/\/prensaregionalhuaraz.com.pe\/index.php\/wp-json\/wp\/v2\/types\/post"}],"author":[{"embeddable":true,"href":"https:\/\/prensaregionalhuaraz.com.pe\/index.php\/wp-json\/wp\/v2\/users\/2"}],"replies":[{"embeddable":true,"href":"https:\/\/prensaregionalhuaraz.com.pe\/index.php\/wp-json\/wp\/v2\/comments?post=20195"}],"version-history":[{"count":1,"href":"https:\/\/prensaregionalhuaraz.com.pe\/index.php\/wp-json\/wp\/v2\/posts\/20195\/revisions"}],"predecessor-version":[{"id":20197,"href":"https:\/\/prensaregionalhuaraz.com.pe\/index.php\/wp-json\/wp\/v2\/posts\/20195\/revisions\/20197"}],"wp:featuredmedia":[{"embeddable":true,"href":"https:\/\/prensaregionalhuaraz.com.pe\/index.php\/wp-json\/wp\/v2\/media\/20196"}],"wp:attachment":[{"href":"https:\/\/prensaregionalhuaraz.com.pe\/index.php\/wp-json\/wp\/v2\/media?parent=20195"}],"wp:term":[{"taxonomy":"category","embeddable":true,"href":"https:\/\/prensaregionalhuaraz.com.pe\/index.php\/wp-json\/wp\/v2\/categories?post=20195"},{"taxonomy":"post_tag","embeddable":true,"href":"https:\/\/prensaregionalhuaraz.com.pe\/index.php\/wp-json\/wp\/v2\/tags?post=20195"}],"curies":[{"name":"wp","href":"https:\/\/api.w.org\/{rel}","templated":true}]}}