{"id":19578,"date":"2026-01-21T05:43:52","date_gmt":"2026-01-21T05:43:52","guid":{"rendered":"https:\/\/prensaregionalhuaraz.com.pe\/?p=19578"},"modified":"2026-01-21T05:43:52","modified_gmt":"2026-01-21T05:43:52","slug":"un-muerto-y-tres-heridos-graves-camioneta-se-despista-y-cae-al-rio-conchucos-en-pallasca","status":"publish","type":"post","link":"https:\/\/prensaregionalhuaraz.com.pe\/index.php\/2026\/01\/21\/un-muerto-y-tres-heridos-graves-camioneta-se-despista-y-cae-al-rio-conchucos-en-pallasca\/","title":{"rendered":"Un muerto y tres heridos graves Camioneta se despista y cae al r\u00edo Conchucos en Pallasca"},"content":{"rendered":"<p><img fetchpriority=\"high\" decoding=\"async\" class=\"alignnone size-full wp-image-19579\" src=\"https:\/\/prensaregionalhuaraz.com.pe\/wp-content\/uploads\/2026\/01\/222-camionnnnt.jpg\" alt=\"\" width=\"631\" height=\"709\" srcset=\"https:\/\/prensaregionalhuaraz.com.pe\/wp-content\/uploads\/2026\/01\/222-camionnnnt.jpg 631w, https:\/\/prensaregionalhuaraz.com.pe\/wp-content\/uploads\/2026\/01\/222-camionnnnt-267x300.jpg 267w\" sizes=\"(max-width: 631px) 100vw, 631px\" \/><\/p>\n<p><strong>En el veh\u00edculo viajaban cuatro trabajadores con direcci\u00f3n al distrito de Pampas, a cumplir su jornada en miner\u00eda artesanal. <\/strong><strong>El accidente fue tan violento que el chofer llev\u00f3 la peor parte y falleci\u00f3 pr\u00e1cticamente en el acto<\/strong><\/p>\n<p><strong>Un grave accidente de carretera se produjo tras el despiste y ca\u00edda de una camioneta al r\u00edo Conchucos dejando un saldo tr\u00e1gico de un muerto y varios heridos graves.<\/strong><\/p>\n<p><strong>\u00a0El accidente se registr\u00f3 en la v\u00eda Adamalca\u2013Conchucos, en el sector conocido como Pe\u00f1as Cerradas, en la provincia de Pallasca, regi\u00f3n \u00c1ncash.<\/strong><\/p>\n<p><strong>DESPISTE FATAL<\/strong><\/p>\n<p><strong>Una camioneta que iba por la v\u00eda Adamalca \u2013 Conchucos, sufri\u00f3 un despiste y termin\u00f3 rodando hasta caer al r\u00edo Conchucos, en el sector conocido como Pe\u00f1as Cerradas.<\/strong><\/p>\n<p><strong>TRABAJADORES DE MINERA ARTESANAL<\/strong><\/p>\n<p><strong>Seg\u00fan la informaci\u00f3n preliminar, en el veh\u00edculo viajaban cuatro trabajadores con direcci\u00f3n al distrito de Pampas, a cumplir su jornada en miner\u00eda artesanal. <\/strong><\/p>\n<p><strong>El accidente fue tan violento que el chofer llev\u00f3 la peor parte y falleci\u00f3 pr\u00e1cticamente en el acto.<\/strong><\/p>\n<p><strong>LOS HERIDOS<\/strong><\/p>\n<p><strong>\u00a0Los dem\u00e1s pasajeros quedaron heridos, algunos con lesiones de consideraci\u00f3n, y fueron trasladados r\u00e1pidamente al Centro de Salud de Conchucos para ser atendidos.<\/strong><\/p>\n<p><strong>Los heridos fueron trasladados al centro de salud de Conchucos para recibir atenci\u00f3n m\u00e9dica. <\/strong><\/p>\n<p><strong>De manera preliminar, se inform\u00f3 que ninguno de ellos portaba documentos de identidad al momento del auxilio.<\/strong><\/p>\n<p><strong>Efectivos policiales y autoridades competentes iniciaron las investigaciones correspondientes para determinar las causas que originaron el accidente.\u00a0\u00a0\u00a0\u00a0\u00a0 <\/strong><strong>(Ronald Montoro Yopla)<\/strong><\/p>\n","protected":false},"excerpt":{"rendered":"<p>En el veh\u00edculo viajaban cuatro trabajadores con direcci\u00f3n al distrito de Pampas, a cumplir su jornada en miner\u00eda artesanal. El accidente fue tan violento que el chofer llev\u00f3 la peor parte y falleci\u00f3 pr\u00e1cticamente en el acto Un grave accidente de carretera se produjo tras el despiste y ca\u00edda de una camioneta al r\u00edo Conchucos [&hellip;]<\/p>\n","protected":false},"author":2,"featured_media":19579,"comment_status":"closed","ping_status":"closed","sticky":false,"template":"","format":"gallery","meta":{"footnotes":""},"categories":[174,177],"tags":[],"class_list":["post-19578","post","type-post","status-publish","format-gallery","has-post-thumbnail","hentry","category-ancash","category-destacado","post_format-post-format-gallery"],"amp_enabled":true,"_links":{"self":[{"href":"https:\/\/prensaregionalhuaraz.com.pe\/index.php\/wp-json\/wp\/v2\/posts\/19578","targetHints":{"allow":["GET"]}}],"collection":[{"href":"https:\/\/prensaregionalhuaraz.com.pe\/index.php\/wp-json\/wp\/v2\/posts"}],"about":[{"href":"https:\/\/prensaregionalhuaraz.com.pe\/index.php\/wp-json\/wp\/v2\/types\/post"}],"author":[{"embeddable":true,"href":"https:\/\/prensaregionalhuaraz.com.pe\/index.php\/wp-json\/wp\/v2\/users\/2"}],"replies":[{"embeddable":true,"href":"https:\/\/prensaregionalhuaraz.com.pe\/index.php\/wp-json\/wp\/v2\/comments?post=19578"}],"version-history":[{"count":1,"href":"https:\/\/prensaregionalhuaraz.com.pe\/index.php\/wp-json\/wp\/v2\/posts\/19578\/revisions"}],"predecessor-version":[{"id":19580,"href":"https:\/\/prensaregionalhuaraz.com.pe\/index.php\/wp-json\/wp\/v2\/posts\/19578\/revisions\/19580"}],"wp:featuredmedia":[{"embeddable":true,"href":"https:\/\/prensaregionalhuaraz.com.pe\/index.php\/wp-json\/wp\/v2\/media\/19579"}],"wp:attachment":[{"href":"https:\/\/prensaregionalhuaraz.com.pe\/index.php\/wp-json\/wp\/v2\/media?parent=19578"}],"wp:term":[{"taxonomy":"category","embeddable":true,"href":"https:\/\/prensaregionalhuaraz.com.pe\/index.php\/wp-json\/wp\/v2\/categories?post=19578"},{"taxonomy":"post_tag","embeddable":true,"href":"https:\/\/prensaregionalhuaraz.com.pe\/index.php\/wp-json\/wp\/v2\/tags?post=19578"}],"curies":[{"name":"wp","href":"https:\/\/api.w.org\/{rel}","templated":true}]}}