{"id":10964,"date":"2024-09-23T06:08:55","date_gmt":"2024-09-23T06:08:55","guid":{"rendered":"https:\/\/prensaregionalhuaraz.com.pe\/?p=10964"},"modified":"2024-09-23T06:08:55","modified_gmt":"2024-09-23T06:08:55","slug":"desaparece-en-huaraz-ramiro-vasquez-mazzetti","status":"publish","type":"post","link":"https:\/\/prensaregionalhuaraz.com.pe\/index.php\/2024\/09\/23\/desaparece-en-huaraz-ramiro-vasquez-mazzetti\/","title":{"rendered":"Desaparece en Huaraz Ramiro V\u00e1squez Mazzetti"},"content":{"rendered":"<p><img fetchpriority=\"high\" decoding=\"async\" class=\"alignnone size-full wp-image-10965\" src=\"https:\/\/prensaregionalhuaraz.com.pe\/wp-content\/uploads\/2024\/09\/DESAPARECIDO4.jpg\" alt=\"\" width=\"719\" height=\"736\" \/><\/p>\n<p><strong>Ciudadano de 49 a\u00f1os \u00a0fue visto por \u00faltima vez en la avenida Raimondi<\/strong><\/p>\n<p>La Polic\u00eda Nacional del Per\u00fa ha emitido una alerta tras la desaparici\u00f3n del ciudadano Ramiro V\u00e1squez Mazzetti, de 49 a\u00f1os, en la ciudad de Huaraz. De acuerdo con el informe de la Direcci\u00f3n Contra la Trata de Personas y Tr\u00e1fico Il\u00edcito de Migrantes, V\u00e1squez ha sido reportado como desaparecido desde el 28 de agosto.<\/p>\n<p>Ramiro V\u00e1squez, un conocido residente de Huaraz, fue visto por \u00faltima vez cerca de su domicilio, frente a la oficina de SENASA en la Avenida Raimondi.<\/p>\n<p>La persona desaparecida tiene tez mestiza, cabello y ojos negros, una estatura de aproximadamente 1.75 metros y de contextura delgada. No se ha especificado su vestimenta al momento de la desaparici\u00f3n.<\/p>\n<p>La familia de V\u00e1squez ha realizado una denuncia formal y solicita la ayuda de la comunidad para localizarlo. Se agradece cualquier informaci\u00f3n que pueda contribuir a su hallazgo, la cual puede ser comunicada a la dependencia policial de Huaraz o mediante los canales oficiales de la Polic\u00eda Nacional.<\/p>\n<p>La desaparici\u00f3n de personas sigue siendo un grave problema social en Per\u00fa, afectando a muchas familias y generando una profunda preocupaci\u00f3n comunitaria. Las autoridades instan a la poblaci\u00f3n a estar alerta y cooperar en la b\u00fasqueda para asegurar la pronta localizaci\u00f3n de Ramiro V\u00e1squez.<\/p>\n<p>La Polic\u00eda Nacional mantiene su compromiso con la investigaci\u00f3n y b\u00fasqueda de personas desaparecidas, intensificando las medidas de seguridad en la regi\u00f3n para prevenir futuros incidentes. (Arnaldo Mej\u00eda Boj\u00f3rquez)<\/p>\n","protected":false},"excerpt":{"rendered":"<p>Ciudadano de 49 a\u00f1os \u00a0fue visto por \u00faltima vez en la avenida Raimondi La Polic\u00eda Nacional del Per\u00fa ha emitido una alerta tras la desaparici\u00f3n del ciudadano Ramiro V\u00e1squez Mazzetti, de 49 a\u00f1os, en la ciudad de Huaraz. De acuerdo con el informe de la Direcci\u00f3n Contra la Trata de Personas y Tr\u00e1fico Il\u00edcito de [&hellip;]<\/p>\n","protected":false},"author":2,"featured_media":0,"comment_status":"open","ping_status":"closed","sticky":false,"template":"","format":"gallery","meta":{"footnotes":""},"categories":[173],"tags":[],"class_list":["post-10964","post","type-post","status-publish","format-gallery","hentry","category-huaraz","post_format-post-format-gallery"],"amp_enabled":true,"_links":{"self":[{"href":"https:\/\/prensaregionalhuaraz.com.pe\/index.php\/wp-json\/wp\/v2\/posts\/10964","targetHints":{"allow":["GET"]}}],"collection":[{"href":"https:\/\/prensaregionalhuaraz.com.pe\/index.php\/wp-json\/wp\/v2\/posts"}],"about":[{"href":"https:\/\/prensaregionalhuaraz.com.pe\/index.php\/wp-json\/wp\/v2\/types\/post"}],"author":[{"embeddable":true,"href":"https:\/\/prensaregionalhuaraz.com.pe\/index.php\/wp-json\/wp\/v2\/users\/2"}],"replies":[{"embeddable":true,"href":"https:\/\/prensaregionalhuaraz.com.pe\/index.php\/wp-json\/wp\/v2\/comments?post=10964"}],"version-history":[{"count":1,"href":"https:\/\/prensaregionalhuaraz.com.pe\/index.php\/wp-json\/wp\/v2\/posts\/10964\/revisions"}],"predecessor-version":[{"id":10966,"href":"https:\/\/prensaregionalhuaraz.com.pe\/index.php\/wp-json\/wp\/v2\/posts\/10964\/revisions\/10966"}],"wp:attachment":[{"href":"https:\/\/prensaregionalhuaraz.com.pe\/index.php\/wp-json\/wp\/v2\/media?parent=10964"}],"wp:term":[{"taxonomy":"category","embeddable":true,"href":"https:\/\/prensaregionalhuaraz.com.pe\/index.php\/wp-json\/wp\/v2\/categories?post=10964"},{"taxonomy":"post_tag","embeddable":true,"href":"https:\/\/prensaregionalhuaraz.com.pe\/index.php\/wp-json\/wp\/v2\/tags?post=10964"}],"curies":[{"name":"wp","href":"https:\/\/api.w.org\/{rel}","templated":true}]}}